{"id":897,"date":"2017-06-27T22:07:19","date_gmt":"2017-06-27T22:07:19","guid":{"rendered":"http:\/\/pesquisaemdor.com.br\/?p=897"},"modified":"2017-06-27T22:07:19","modified_gmt":"2017-06-27T22:07:19","slug":"o-uso-do-feedback-e-realmente-eficaz-na-dor-cervical","status":"publish","type":"post","link":"http:\/\/pesquisaemdor.com.br\/?p=897","title":{"rendered":"O uso do Feedback \u00e9 realmente eficaz na Dor Cervical?"},"content":{"rendered":"<p style=\"text-align: justify;\">A dor cervical figura como um dos problemas mais comuns de desordens musculoesquel\u00e9ticas e ocupa o quarto lugar no ranking de anos vividos com incapacidade [1]. Os custos envolvendo dor cervical s\u00e3o muito altos e impactam diretamente na economia mundial, bem como na sa\u00fade e qualidade de vida de pacientes com esta desordem [2].<\/p>\n<p style=\"text-align: justify;\">Pessoas com dor cervical podem apresentar altera\u00e7\u00f5es de controle dos m\u00fasculos da cabe\u00e7a e do pesco\u00e7o, diminui\u00e7\u00e3o da propriocep\u00e7\u00e3o e perda da for\u00e7a e da resist\u00eancia muscular de alguns m\u00fasculos do pesco\u00e7o. Essas altera\u00e7\u00f5es podem estar relacionadas \u00e0 disfun\u00e7\u00e3o do sistema proprioceptivo (feedback intr\u00ednseco) do paciente.<\/p>\n<p style=\"text-align: justify;\">Baseado nessas altera\u00e7\u00f5es neuromusculares e proprioceptivas, o tratamento de pacientes com disfun\u00e7\u00e3o cervical inclui frequentemente o uso do biofeedback (como por exemplo, ultra-som terap\u00eautico). O Feedback extr\u00ednseco \u00e9 considerado toda e qualquer informa\u00e7\u00e3o de uma fonte externa que n\u00e3o a do pr\u00f3prio organismo do paciente (i.e. outra pessoa, terapeuta ou instrumento). Fisioterapeutas incluem feedback extr\u00ednseco (e.g. eletromiografia, ultra-som e unidades de press\u00e3o) no tratamento de pacientes com desordem cervical com o objetivo de reverter as disfun\u00e7\u00f5es motoras e proprioceptivas descritas anteriormente [3].<\/p>\n<p style=\"text-align: justify;\">Contudo, existem caracter\u00edsticas importantes do feedback extr\u00ednseco que devem ser consideradas pelo fisioterapeuta. Estas caracter\u00edsticas dividem-se em duas categorias: (1) caracter\u00edsticas de conte\u00fado; e (2) caracter\u00edsticas temporais [Tabela 1]. A primeira se refere \u00e0 maneira como a informa\u00e7\u00e3o \u00e9 entregue ao paciente; enquanto a segunda diz respeito \u00e0 quantidade de informa\u00e7\u00e3o, bem como, o momento em que, e com que frequ\u00eancia a informa\u00e7\u00e3o \u00e9 oferecida ao paciente. As caracter\u00edsticas do feedback extr\u00ednseco podem impactar positiva ou negativamente na recupera\u00e7\u00e3o do controle motor.<\/p>\n<p style=\"text-align: justify;\"><a href=\"http:\/\/pesquisaemdor.com.br\/wp-content\/uploads\/2017\/06\/Tabela-1.jpg\"><img fetchpriority=\"high\" decoding=\"async\" class=\"alignleft size-medium wp-image-898\" src=\"http:\/\/pesquisaemdor.com.br\/wp-content\/uploads\/2017\/06\/Tabela-1-300x300.jpg\" alt=\"Tabela 1\" width=\"300\" height=\"300\" srcset=\"http:\/\/pesquisaemdor.com.br\/wp-content\/uploads\/2017\/06\/Tabela-1-300x300.jpg 300w, http:\/\/pesquisaemdor.com.br\/wp-content\/uploads\/2017\/06\/Tabela-1-150x150.jpg 150w, http:\/\/pesquisaemdor.com.br\/wp-content\/uploads\/2017\/06\/Tabela-1-230x231.jpg 230w, http:\/\/pesquisaemdor.com.br\/wp-content\/uploads\/2017\/06\/Tabela-1-250x250.jpg 250w, http:\/\/pesquisaemdor.com.br\/wp-content\/uploads\/2017\/06\/Tabela-1.jpg 650w\" sizes=\"(max-width: 300px) 100vw, 300px\" \/><\/a><\/p>\n<p style=\"text-align: justify;\">\n<p style=\"text-align: justify;\">\n<p style=\"text-align: justify;\">\n<p style=\"text-align: justify;\">\n<p style=\"text-align: justify;\">\n<p style=\"text-align: justify;\">\n<p style=\"text-align: justify;\">\n<p style=\"text-align: justify;\">\n<p style=\"text-align: justify;\">\n<p style=\"text-align: justify;\">Para melhorar o aprendizado motor e, consequentemente, a recupera\u00e7\u00e3o cl\u00ednica do paciente, caracter\u00edsticas \u201cideais\u201d de conte\u00fado (programa, resumo de resultados e foco externo de aten\u00e7\u00e3o) e de tempo (frequ\u00eancia reduzida ou feedback auto-controlado) devem ser utilizadas. As caracter\u00edsticas que consideramos ideais para nossa revis\u00e3o sistem\u00e1tica s\u00e3o oriundas de estudos da \u00e1rea de aprendizagem motora. Poucos estudos na \u00e1rea da fisioterapia musculoesquel\u00e9tica exploraram as caracter\u00edsticas ideais de feedback. Os que foram feitos confirmaram que certas caracter\u00edsticas influenciam a recupera\u00e7\u00e3o do controle motor. \u00c9 poss\u00edvel que o feedback extr\u00ednseco atrapalhe a recupera\u00e7\u00e3o cl\u00ednica do paciente caso o cl\u00ednico utilize caracter\u00edsticas de feedback extr\u00ednseco n\u00e3o ideais. Essa \u00e9 uma \u00e1rea promissora, visto que ainda n\u00e3o est\u00e1 claro se o uso de feedback extr\u00ednseco realmente influencia na recupera\u00e7\u00e3o cl\u00ednica e do controle motor de pacientes com dor cervical.<\/p>\n<p style=\"text-align: justify;\">A falta de informa\u00e7\u00e3o sobre as caracter\u00edsticas de feedback extr\u00ednseco somada \u00e0 incerteza do efeito real do feedback extr\u00ednseco na reabilita\u00e7\u00e3o da cervical nos levou a duas perguntas de pesquisa: a) Fisioterapia somada ao feedback extr\u00ednseco reduz dor e incapacidade em pacientes com dor cervical quando comparada a interven\u00e7\u00e3o controle ou tratamento fisioterap\u00eautico sem feedback extr\u00ednseco? b) Os estudos envolvendo o uso do feedback extr\u00ednseco no tratamento da dor cervical est\u00e3o usando caracter\u00edsticas ideais de entrega de feedback?<\/p>\n<p style=\"text-align: justify;\">Para responder essas perguntas, n\u00f3s conduzimos uma revis\u00e3o sistem\u00e1tica da literatura [4]. Oito estudos foram inclu\u00eddos na revis\u00e3o e 7 estudos foram inclu\u00eddos na meta-an\u00e1lise. Tr\u00eas estudos inclu\u00edram pacientes com dor cervical cr\u00f4nica, dois estudos envolveram paciente com dor cervical aguda, um estudo foi realizado com pacientes com dor cervical associada \u00e0 dor de cabe\u00e7a, e um estudo foi composto de pacientes com Pontos gatilhos na regi\u00e3o de trap\u00e9zio superior. Na avalia\u00e7\u00e3o de risco de vi\u00e9s, 7 dos 8 estudos pontuaram menos que 6 pontos na escala PEDro, denotando um alto risco de vi\u00e9s. Os estudos inclu\u00eddos utilizaram dois tipos de feedback extr\u00ednseco: Biofeedback de Press\u00e3o (Stabilizer\u00ae) e Biofeedback auditivo de posicionamento escapular.<\/p>\n<p style=\"text-align: justify;\">O tratamento fisioterap\u00eautico somado ao uso do feedback extr\u00ednseco foi comparado: a) ao tratamento fisioterap\u00eautico sem feedback extr\u00ednseco; b) \u00e0 interven\u00e7\u00e3o controle. O tratamento fisioterap\u00eautico somado ao uso do feedback extr\u00ednseco demonstrou-se superior ao tratamento fisioterap\u00eautico para reduzir a dor de pacientes com dor cervical aguda. Quando comparamos o tratamento fisioterap\u00eautico em conjunto ao uso do feedback extr\u00ednseco com a interven\u00e7\u00e3o controle o efeito parece ser favor\u00e1vel em m\u00e9dio prazo para reduzir a dor e incapacidade. N\u00e3o encontramos resultados positivos para o tratamento fisioterap\u00eautico somado ao feedback extr\u00ednseco comparado a fisioterapia sem feedback extr\u00ednseco para os pacientes com dor cervical cr\u00f4nica.<\/p>\n<p style=\"text-align: justify;\">\u00c9 importante ter cuidado ao interpretar estes resultados, uma vez que a qualidade da evid\u00eancia da nossa revis\u00e3o sistem\u00e1tica variou de muito-baixa a baixa (GRADE) e n\u00f3s encontramos alto risco de vi\u00e9s nos artigos inclu\u00eddos. Em outras palavras, \u00e9 poss\u00edvel que novos estudos influenciem o efeito de um ou outro tratamento. Isso pode acontecer, principalmente, se estes novos estudos forem bem planejados e executados.<\/p>\n<p style=\"text-align: justify;\">\nAl\u00e9m disso, ao explorar as informa\u00e7\u00f5es sobre as caracter\u00edsticas do feedback extr\u00ednseco nos artigos inclu\u00eddos nesta revis\u00e3o, percebemos que: os artigos n\u00e3o descreveram claramente as caracter\u00edsticas de conte\u00fado ou temporais do feedback extr\u00ednseco utilizado; e\/ou n\u00e3o utilizaram as caracter\u00edsticas de conte\u00fado e temporais que s\u00e3o consideradas ideais para promover o aprendizado motor. Portanto, \u00e9 poss\u00edvel que as caracter\u00edsticas de feedback extr\u00ednseco n\u00e3o ideais tenham minimizado seus efeitos cl\u00ednicos em pacientes com disfun\u00e7\u00e3o cervical.<\/p>\n<p style=\"text-align: justify;\">\nRefer\u00eancias:<br \/>\n1) Voset. al, 2015. Global, regional, and national incidence, prevalence, andyears lived with disability for 301 acute and chronic diseases and injuries in 188countries, 1990-2013: a systematic analysis for the Global Burden of DiseaseStudy 2013. Lancet 386, 743e800.<br \/>\n2) Martin, B.I., Deyo, R.A., Mirza, S.K., Turner, J.A., Comstock, B.A., Hollingworth, W., Sullivan, S.D., 2008. Expenditures and health status among adults with back and neck problems. JAMA &#8211; J. Am. Med. Assoc. 299, 656e664.<br \/>\n3) Hodges, P.W., 2011. Pain and motor control: from the laboratory to rehabilitation. J. Electromyogr. Kinesiol. 21, 220e228.<br \/>\n4) <a href=\"http:\/\/www.mskscienceandpractice.com\/article\/S2468-7812(17)30068-1\/abstract\">de Araujo, F. X., Schell, M. S., &amp; Ribeiro, D. C. (2017). Effectiveness of Physiotherapy interventions plus Extrinsic Feedback for neck disorders: A systematic review with meta-analysis. Musculoskeletal Science and Practice, 29, 132-143.<\/a><\/p>\n<p style=\"text-align: justify;\"><a href=\"http:\/\/pesquisaemdor.com.br\/wp-content\/uploads\/2017\/06\/mauricio.jpg\"><img decoding=\"async\" class=\"alignleft size-full wp-image-899\" src=\"http:\/\/pesquisaemdor.com.br\/wp-content\/uploads\/2017\/06\/mauricio.jpg\" alt=\"mauricio\" width=\"279\" height=\"295\" \/><\/a><\/p>\n<p style=\"text-align: justify;\">\n<h3 style=\"text-align: justify;\">Mauricio Scholl Schell<\/h3>\n<p>Fisioterapeuta pela UFCSPA<\/p>\n<p>Membro do Grupo de Pesquisa em Fisioterapia Traumato-Ortop\u00e9dica (GEFiTO)<\/p>\n<p style=\"text-align: justify;\">\n<p style=\"text-align: justify;\">\n<p style=\"text-align: justify;\">\n<p style=\"text-align: justify;\">\n<p style=\"text-align: justify;\">\n","protected":false},"excerpt":{"rendered":"<p>A dor cervical figura como um dos problemas mais comuns de desordens musculoesquel\u00e9ticas e ocupa o quarto lugar no ranking de anos vividos com incapacidade<\/p>\n<div class=\"read-more-wrapper\"><a class=\"link small\" href=\"http:\/\/pesquisaemdor.com.br\/?p=897\" role=\"button\">Read more<span class=\"nc-icon-glyph arrows-1_bold-right\"><\/span><\/a><\/div>\n","protected":false},"author":1,"featured_media":899,"comment_status":"open","ping_status":"open","sticky":false,"template":"","format":"standard","meta":{"footnotes":""},"categories":[1],"tags":[],"_links":{"self":[{"href":"http:\/\/pesquisaemdor.com.br\/index.php?rest_route=\/wp\/v2\/posts\/897"}],"collection":[{"href":"http:\/\/pesquisaemdor.com.br\/index.php?rest_route=\/wp\/v2\/posts"}],"about":[{"href":"http:\/\/pesquisaemdor.com.br\/index.php?rest_route=\/wp\/v2\/types\/post"}],"author":[{"embeddable":true,"href":"http:\/\/pesquisaemdor.com.br\/index.php?rest_route=\/wp\/v2\/users\/1"}],"replies":[{"embeddable":true,"href":"http:\/\/pesquisaemdor.com.br\/index.php?rest_route=%2Fwp%2Fv2%2Fcomments&post=897"}],"version-history":[{"count":1,"href":"http:\/\/pesquisaemdor.com.br\/index.php?rest_route=\/wp\/v2\/posts\/897\/revisions"}],"predecessor-version":[{"id":900,"href":"http:\/\/pesquisaemdor.com.br\/index.php?rest_route=\/wp\/v2\/posts\/897\/revisions\/900"}],"wp:featuredmedia":[{"embeddable":true,"href":"http:\/\/pesquisaemdor.com.br\/index.php?rest_route=\/wp\/v2\/media\/899"}],"wp:attachment":[{"href":"http:\/\/pesquisaemdor.com.br\/index.php?rest_route=%2Fwp%2Fv2%2Fmedia&parent=897"}],"wp:term":[{"taxonomy":"category","embeddable":true,"href":"http:\/\/pesquisaemdor.com.br\/index.php?rest_route=%2Fwp%2Fv2%2Fcategories&post=897"},{"taxonomy":"post_tag","embeddable":true,"href":"http:\/\/pesquisaemdor.com.br\/index.php?rest_route=%2Fwp%2Fv2%2Ftags&post=897"}],"curies":[{"name":"wp","href":"https:\/\/api.w.org\/{rel}","templated":true}]}}